{"id":39028,"date":"2024-01-05T11:08:04","date_gmt":"2024-01-05T19:08:04","guid":{"rendered":"https:\/\/ascendemployment.com\/actualites-fr\/ascend-partner-newsletter-quarter-2-july-to-september-2023\/"},"modified":"2024-03-19T12:20:58","modified_gmt":"2024-03-19T19:20:58","slug":"bulletin-dinformation-des-partenaires-ascend-trimestre-2-juillet-a-septembre-2023","status":"publish","type":"post","link":"https:\/\/ascendemployment.com\/fr\/actualites-fr\/bulletin-dinformation-des-partenaires-ascend-trimestre-2-juillet-a-septembre-2023\/","title":{"rendered":"Bulletin d\u2019information des partenaires ASCEND: Trimestre 2, juillet \u00e0 septembre\u00a02023"},"content":{"rendered":"\n<p class=\"opener\">Nous esp\u00e9rons que vous avez tous pu passer du temps avec vos amis et votre famille pendant les f\u00eates, et nous vous souhaitons \u00e0 tous une joyeuse saison d&#8217;appel \u00e0 projets. \ud83d\ude0a <\/p>\n\n\n\n<p>La derni\u00e8re cohorte du deuxi\u00e8me trimestre d\u2019ASCEND s\u2019est termin\u00e9e \u00e0 la fin du mois de d\u00e9cembre et, partout au Canada, vos clients ont atteint un taux de compl\u00e9tion record de 74&nbsp;%. Au cours du trimestre (oui!), pr\u00e8s de trois clients sur quatre ont compl\u00e9t\u00e9 le programme en ligne. Au deuxi\u00e8me trimestre, nous avons organis\u00e9 un webinaire pour partager avec vous les r\u00e9sultats de notre sondage aupr\u00e8s des partenaires ASCEND, nous avons cr\u00e9\u00e9 une toute nouvelle vid\u00e9o sur l\u2019application ASCEND et nous avons re\u00e7u des t\u00e9moignages incroyables de vos clients.<\/p>\n\n\n\n<div style=\"height:50px\" aria-hidden=\"true\" class=\"wp-block-spacer\"><\/div>\n\n\n\n<h1 class=\"wp-block-heading\">SONDAGE PARTENAIRES ASCEND<\/h1>\n\n\n\n<p>Un grand merci \u00e0 tous ceux qui ont r\u00e9pondu au sondage r\u00e9alis\u00e9 aupr\u00e8s des partenaires ASCEND. Nous avons re\u00e7u un total de <strong>52 r\u00e9ponses individuelles<\/strong> de <strong>33 <\/strong>partenaires \u00e0 travers le pays.<\/p>\n\n\n\n<p>Nous avons pass\u00e9 en revue vos retours et avons r\u00e9sum\u00e9 vos commentaires et questions que nous avons partag\u00e9s lors du webinaire national des partenaires d\u2019ASCEND, qui a eu lieu le 24&nbsp;octobre.<\/p>\n\n\n\n<p>Si vous souhaitez voir un r\u00e9sum\u00e9 du webinaire, les diapositives sont disponibles ici&nbsp;:<\/p>\n\n\n\n<div data-wp-interactive=\"core\/file\" class=\"wp-block-file\"><object data-wp-bind--hidden=\"!state.hasPdfPreview\" hidden class=\"wp-block-file__embed\" data=\"https:\/\/ascendemployment.com\/wp-content\/uploads\/October-24-ASCEND-National-Partner-Webinar.pdf\" type=\"application\/pdf\" style=\"width:100%;height:550px\" aria-label=\"Contenu embarqu\u00e9 October-24-ASCEND-National-Partner-Webinar.\"><\/object><a id=\"wp-block-file--media-f9ce0ab4-5f91-4eb6-8890-ac65486ad543\" href=\"https:\/\/ascendemployment.com\/wp-content\/uploads\/October-24-ASCEND-National-Partner-Webinar.pdf\" target=\"_blank\" rel=\"noreferrer noopener\">October-24-ASCEND-National-Partner-Webinar<\/a><\/div>\n\n\n\n<p>Comme nous l\u2019avons expliqu\u00e9 lors du webinaire, en fonction des retours que nous avons re\u00e7us de votre part, ainsi que des retours des participants au sondage ASCEND men\u00e9 en ao\u00fbt, l\u2019\u00e9quipe ASCEND travaillera \u00e0&nbsp;:<\/p>\n\n\n\n<ul class=\"wp-block-list\">\n<li>Int\u00e9grer des exemples li\u00e9s \u00e0 l&#8217;emploi concrets suppl\u00e9mentaires dans le contenu<\/li>\n\n\n\n<li>R\u00e9duire le texte des modules et transf\u00e9rer certains contenus textuels en \u00e9l\u00e9ments visuels tout au long du programme en ligne<\/li>\n\n\n\n<li>\u00c9laborer une proposition ASCEND en r\u00e9ponse \u00e0 l\u2019AAP 2024 d\u2019IRCC pour soutenir les apprenants anglophones de niveau linguistique inf\u00e9rieur (et les \u00e9tudiants du CLIC)<\/li>\n<\/ul>\n\n\n\n<div style=\"height:30px\" aria-hidden=\"true\" class=\"wp-block-spacer\"><\/div>\n\n\n\n<h2 class=\"wp-block-heading\">Le webinaire a \u00e9galement permis de discuter des meilleures pratiques d\u2019utilisation pour&nbsp;:<\/h2>\n\n\n\n<div class=\"wp-block-columns is-layout-flex wp-container-core-columns-is-layout-1 wp-block-columns-is-layout-flex\">\n<div class=\"wp-block-column is-vertically-aligned-center is-layout-flow wp-block-column-is-layout-flow\" style=\"flex-basis:45%\">\n<ul class=\"wp-block-list\">\n<li><strong>Le Kit Marketing ASCEND<\/strong> que chaque partenaire re\u00e7oit apr\u00e8s la signature de l\u2019accord de partenariat<\/li>\n<\/ul>\n\n\n\n<ul class=\"wp-block-list\">\n<li><strong>Les rapports d\u2019activit\u00e9 hebdomadaires ASCEND <\/strong>qui vous sont envoy\u00e9s chaque semaine pendant votre p\u00e9riode d\u2019acc\u00e8s \u00e0 la cohorte ASCEND<\/li>\n<\/ul>\n\n\n\n<ul class=\"wp-block-list\">\n<li>Mise en place d\u2019<strong>ateliers ASCEND<\/strong> et utilisation du <strong>module en ligne ASCEND Animateur<\/strong><\/li>\n<\/ul>\n<\/div>\n\n\n\n<div class=\"wp-block-column is-layout-flow wp-block-column-is-layout-flow\" style=\"flex-basis:1%\"><\/div>\n\n\n\n<div class=\"wp-block-column is-vertically-aligned-center is-layout-flow wp-block-column-is-layout-flow\" style=\"flex-basis:45%\">\n<figure class=\"wp-block-image size-large is-resized\"><img data-recalc-dims=\"1\" loading=\"lazy\" decoding=\"async\" width=\"1024\" height=\"625\" src=\"https:\/\/i0.wp.com\/ascendemployment.com\/wp-content\/uploads\/marketing-tools-2-DESKTOP-6VTS90S.png?resize=1024%2C625\" alt=\"\" class=\"wp-image-36161\" style=\"aspect-ratio:1.6384;width:481px;height:auto\" srcset=\"https:\/\/i0.wp.com\/ascendemployment.com\/wp-content\/uploads\/marketing-tools-2-DESKTOP-6VTS90S.png?resize=1024%2C625&amp;ssl=1 1024w, https:\/\/i0.wp.com\/ascendemployment.com\/wp-content\/uploads\/marketing-tools-2-DESKTOP-6VTS90S.png?resize=600%2C366&amp;ssl=1 600w, https:\/\/i0.wp.com\/ascendemployment.com\/wp-content\/uploads\/marketing-tools-2-DESKTOP-6VTS90S.png?resize=768%2C469&amp;ssl=1 768w, https:\/\/i0.wp.com\/ascendemployment.com\/wp-content\/uploads\/marketing-tools-2-DESKTOP-6VTS90S.png?resize=1536%2C938&amp;ssl=1 1536w, https:\/\/i0.wp.com\/ascendemployment.com\/wp-content\/uploads\/marketing-tools-2-DESKTOP-6VTS90S.png?resize=2048%2C1251&amp;ssl=1 2048w, https:\/\/i0.wp.com\/ascendemployment.com\/wp-content\/uploads\/marketing-tools-2-DESKTOP-6VTS90S.png?w=2400 2400w, https:\/\/i0.wp.com\/ascendemployment.com\/wp-content\/uploads\/marketing-tools-2-DESKTOP-6VTS90S.png?w=3600 3600w\" sizes=\"auto, (max-width: 1024px) 100vw, 1024px\" \/><\/figure>\n<\/div>\n<\/div>\n\n\n\n<ul class=\"wp-block-list\">\n<li>Mise \u00e0 jour de l&#8217;<strong><a href=\"https:\/\/ascendemployment.com\/ascend-app\/download-app\/\">Application Mobile ASCEND<\/a>.<\/strong> Pour en savoir plus sur l\u2019application, veuillez regarder cette toute nouvelle courte vid\u00e9o de l\u2019application ASCEND<\/li>\n<\/ul>\n\n\n\n<figure class=\"wp-block-embed is-type-video is-provider-youtube wp-block-embed-youtube wp-embed-aspect-16-9 wp-has-aspect-ratio\"><div class=\"wp-block-embed__wrapper\">\n<iframe loading=\"lazy\" title=\"ASCEND App Video\" width=\"1200\" height=\"675\" src=\"https:\/\/www.youtube.com\/embed\/Kb0l20j0DAs?feature=oembed\" frameborder=\"0\" allow=\"accelerometer; autoplay; clipboard-write; encrypted-media; gyroscope; picture-in-picture; web-share\" allowfullscreen><\/iframe>\n<\/div><\/figure>\n\n\n\n<div style=\"height:30px\" aria-hidden=\"true\" class=\"wp-block-spacer\"><\/div>\n\n\n\n<ul class=\"wp-block-list\">\n<li>ASCEND, et le<a href=\"https:\/\/ascendemployment.com\/fr\/\"> <strong>site ASCEND, maintenant enti\u00e8rement en fran\u00e7ais<\/strong>!<\/a><\/li>\n<\/ul>\n\n\n<div class=\"wp-block-image\">\n<figure class=\"aligncenter size-large\"><a href=\"https:\/\/ascendemployment.com\/fr\/\"><img data-recalc-dims=\"1\" loading=\"lazy\" decoding=\"async\" width=\"1024\" height=\"520\" src=\"https:\/\/i0.wp.com\/ascendemployment.com\/wp-content\/uploads\/Screenshot-French.png?resize=1024%2C520\" alt=\"\" class=\"wp-image-38971\" srcset=\"https:\/\/i0.wp.com\/ascendemployment.com\/wp-content\/uploads\/Screenshot-French.png?resize=1024%2C520&amp;ssl=1 1024w, https:\/\/i0.wp.com\/ascendemployment.com\/wp-content\/uploads\/Screenshot-French.png?resize=600%2C304&amp;ssl=1 600w, https:\/\/i0.wp.com\/ascendemployment.com\/wp-content\/uploads\/Screenshot-French.png?resize=768%2C390&amp;ssl=1 768w, https:\/\/i0.wp.com\/ascendemployment.com\/wp-content\/uploads\/Screenshot-French.png?resize=1536%2C779&amp;ssl=1 1536w, https:\/\/i0.wp.com\/ascendemployment.com\/wp-content\/uploads\/Screenshot-French.png?w=1608&amp;ssl=1 1608w\" sizes=\"auto, (max-width: 1024px) 100vw, 1024px\" \/><\/a><\/figure><\/div>\n\n\n<div style=\"height:50px\" aria-hidden=\"true\" class=\"wp-block-spacer\"><\/div>\n\n\n\n<h1 class=\"wp-block-heading\">TRIMESTRE 2 &#8211; 2023\/24 RESUME DU PROGRAMME ASCEND<\/h1>\n\n\n\n<ul class=\"wp-block-list\">\n<li>A travers le  pays, <strong>26 cohortes d\u2019ASCEND ont \u00e9t\u00e9 offertes par 23 organisations partenaires<\/strong><ul><li><strong>224 clients <\/strong>\u00e0 travers le Canada inscrits \u00e0 ASCEND<\/li><\/ul>\n<ul class=\"wp-block-list\">\n<li><strong>21 clients francophones <\/strong>ont suivi ASCEND en fran\u00e7ais<\/li>\n\n\n\n<li><strong>274 \u00e9tudiants<\/strong> de Northeastern University inscrits \u00e0 ASCEND<\/li>\n<\/ul>\n<\/li>\n<\/ul>\n\n\n\n<div class=\"wp-block-columns is-layout-flex wp-container-core-columns-is-layout-2 wp-block-columns-is-layout-flex\">\n<div class=\"wp-block-column is-layout-flow wp-block-column-is-layout-flow\"><\/div>\n\n\n\n<div class=\"wp-block-column is-layout-flow wp-block-column-is-layout-flow\" style=\"flex-basis:60%\">\n<hr class=\"wp-block-separator has-alpha-channel-opacity\"\/>\n\n\n\n<p class=\"has-text-align-center has-large-font-size\"><strong>Le taux de compl\u00e9tion global du programme pour tous les clients a atteint 74&nbsp;% !!! <\/strong><\/p>\n\n\n\n<p class=\"has-text-align-center has-medium-font-size\">(le taux d\u2019accomplissement le plus \u00e9lev\u00e9 atteint par le programme ASCEND en un seul trimestre)<\/p>\n\n\n\n<hr class=\"wp-block-separator has-alpha-channel-opacity\"\/>\n<\/div>\n\n\n\n<div class=\"wp-block-column is-layout-flow wp-block-column-is-layout-flow\"><\/div>\n<\/div>\n\n\n\n<div style=\"height:50px\" aria-hidden=\"true\" class=\"wp-block-spacer\"><\/div>\n\n\n\n<h1 class=\"wp-block-heading\">CARTE DES PARTENAIRES ASCEND<\/h1>\n\n\n\n<h2 class=\"wp-block-heading\">O\u00f9 sont situ\u00e9s nos partenaires ?<\/h2>\n\n\n\n<p>Sur le <a href=\"https:\/\/ascendemployment.com\/fr\/\"><strong>site Web d\u2019ASCEND<\/strong><\/a>, il y a une excellente carte de r\u00e9f\u00e9rence des partenaires qui montre o\u00f9 se trouvent les partenaires d\u2019ASCEND au Canada. Vous pouvez acc\u00e9der \u00e0 la carte ici:<\/p>\n\n\n\n<div class=\"wp-block-group\"><div class=\"wp-block-group__inner-container is-layout-constrained wp-block-group-is-layout-constrained\">\n<div class=\"wp-block-buttons has-custom-font-size has-medium-font-size is-content-justification-center is-layout-flex wp-container-core-buttons-is-layout-1 wp-block-buttons-is-layout-flex\">\n<div class=\"wp-block-button has-custom-width wp-block-button__width-50 no-underline is-style-fill\"><a class=\"wp-block-button__link has-white-color has-text-color has-background wp-element-button\" href=\"https:\/\/www.google.com\/maps\/d\/viewer?mid=1AohRDFDoLTShjDUqW7p4FDG3uUZ1Fig&amp;ll=50.31137076695893%2C-99.65488218665902&amp;z=5\" style=\"border-radius:7px;background-color:#3ebde7\">Carte des Partenaires ASCEND <\/a><\/div>\n<\/div>\n\n\n\n<div style=\"height:30px\" aria-hidden=\"true\" class=\"wp-block-spacer\"><\/div>\n<\/div><\/div>\n\n\n\n<h2 class=\"wp-block-heading\">Comment pouvez-vous b\u00e9n\u00e9ficier de cette carte?<\/h2>\n\n\n\n<ul class=\"wp-block-list\">\n<li>Elle permet aux clients potentiellement int\u00e9ress\u00e9s dans votre r\u00e9gion de vous trouver et de vous contacter<\/li>\n\n\n\n<li>Elle vous aide \u00e0 identifier les partenaires d\u2019ASCEND dans votre r\u00e9gion, province ou territoire, qui peuvent :<ul><li>Soutenir une communaut\u00e9 de pratique parmi les partenaires actuels d\u2019ASCEND et identifier les partenaires organisationnels potentiels pour les futures possibilit\u00e9s de financement;<\/li><\/ul>\n<ul class=\"wp-block-list\">\n<li>Il permet \u00e0 d\u2019autres organisations de votre r\u00e9gion de vous contacter directement si elles ont des questions sur votre travail et \/ ou comment ASCEND le soutient<\/li>\n<\/ul>\n<\/li>\n\n\n\n<li>D\u00e9montrer aux bailleurs de fonds que votre organisation participe \u00e0 des partenariats pancanadiens \u00e0 l\u2019appui de l\u2019emploi des immigrants<\/li>\n<\/ul>\n\n\n\n<div style=\"height:50px\" aria-hidden=\"true\" class=\"wp-block-spacer\"><\/div>\n\n\n\n<h1 class=\"wp-block-heading\">TRIMESTRE 2 &#8211; RETOURS DES PARTICIPANTS<\/h1>\n\n\n\n<p>Nous demandons \u00e0 chaque client qui termine ASCEND de nous faire part de ses r\u00e9flexions. Voici un exemple repr\u00e9sentatif de ce que nous avons entendu au deuxi\u00e8me trimestre:<\/p>\n\n\n\n<div class=\"wp-block-group\"><div class=\"wp-block-group__inner-container is-layout-constrained wp-block-group-is-layout-constrained\">\n<div class=\"wp-block-columns is-layout-flex wp-container-core-columns-is-layout-3 wp-block-columns-is-layout-flex\">\n<div class=\"wp-block-column is-layout-flow wp-block-column-is-layout-flow\"><div class=\"wp-block-image is-style-default\">\n<figure class=\"aligncenter size-full is-resized\"><img data-recalc-dims=\"1\" loading=\"lazy\" decoding=\"async\" width=\"152\" height=\"73\" src=\"https:\/\/i0.wp.com\/ascendemployment.com\/wp-content\/uploads\/CREIC.png?resize=152%2C73\" alt=\"\" class=\"wp-image-35813\" style=\"object-fit:contain;width:146px;height:131px\"\/><\/figure><\/div>\n\n\n<p class=\"has-text-align-center has-medium-font-size\"><em>\u00ab&nbsp;Merci \u00e0 ASCEND \u2013 C\u2019\u00e9tait une excellente plateforme d\u2019apprentissage et de discussion, et je suis inspir\u00e9 d&#8217;appliquer cela au travail et \u00e0 ma vie personnelle. Cela m\u2019a donn\u00e9 confiance pour continuer \u00e0 avancer. Ce fut un atelier tr\u00e8s bien fait avec des intervenants exp\u00e9riment\u00e9s et professionnels, bien organis\u00e9 et informatif.\u201d<\/em><\/p>\n\n\n\n<p class=\"has-text-align-center has-medium-font-size\"><em>\u00ab&nbsp;Le programme ASCEND a \u00e9t\u00e9 un parcours enrichissant qui a \u00e9largi mes horizons et m\u2019a permis d\u2019acqu\u00e9rir de pr\u00e9cieuses comp\u00e9tences et connaissances. Chaque aspect du programme a contribu\u00e9 \u00e0 une exp\u00e9rience d\u2019apprentissage transformatrice.&nbsp; Alors que je continue \u00e0 appliquer les concepts appris dans mon parcours professionnel, je suis reconnaissant pour la croissance et le d\u00e9veloppement que le programme ASCEND a enflamm\u00e9 en moi.&nbsp;\u00bb<\/em><\/p>\n\n\n\n<p class=\"has-text-align-center has-medium-font-size\"><em>\u00ab&nbsp;J\u2019ai aim\u00e9 qu\u2019il s\u2019agisse d\u2019un module \u00e0 son rythme et nous avons \u00e9galement eu l\u2019occasion de rencontrer virtuellement des instructeurs qui nous ont fait suivre le module du cours. Ce fut une s\u00e9ance d\u2019apprentissage tr\u00e8s percutante pour moi, j\u2019ai mieux compris la culture de travail canadienne et ses attentes. Je recommanderais volontiers ce module aux nouveaux immigrants. J\u2019aime aussi le personnage de Nasir, il \u00e9tait facile de s&#8217;identifier \u00e0 lui \u00bb <\/em><\/p>\n\n\n\n<p class=\"has-text-align-center has-medium-font-size\"><em>\u00ab&nbsp;L\u2019atelier ASCEND a \u00e9t\u00e9 l\u2019un des meilleurs ateliers auxquels j\u2019ai assist\u00e9, ce qui a accru mes connaissances, mes comp\u00e9tences, mes capacit\u00e9s et ma confiance.&nbsp;\u00bb<\/em><\/p>\n\n\n\n<p class=\"has-text-align-right\" style=\"font-size:15px\"><strong>\u2014 <em>Clients CRIEC<\/em><\/strong><\/p>\n<\/div>\n<\/div>\n\n\n\n<div class=\"wp-block-columns is-layout-flex wp-container-core-columns-is-layout-4 wp-block-columns-is-layout-flex\">\n<div class=\"wp-block-column is-vertically-aligned-bottom is-layout-flow wp-block-column-is-layout-flow\" style=\"flex-basis:45%\">\n<hr class=\"wp-block-separator has-alpha-channel-opacity\"\/>\n<\/div>\n\n\n\n<div class=\"wp-block-column is-vertically-aligned-bottom is-layout-flow wp-block-column-is-layout-flow\" style=\"flex-basis:20px\"><\/div>\n\n\n\n<div class=\"wp-block-column has-white-background-color has-background has-medium-font-size is-layout-flow wp-block-column-is-layout-flow\" style=\"flex-basis:50%\">\n<hr class=\"wp-block-separator has-alpha-channel-opacity\"\/>\n<\/div>\n<\/div>\n\n\n\n<div class=\"wp-block-columns is-layout-flex wp-container-core-columns-is-layout-5 wp-block-columns-is-layout-flex\">\n<div class=\"wp-block-column is-vertically-aligned-top is-layout-flow wp-block-column-is-layout-flow\" style=\"flex-basis:45%\"><div class=\"wp-block-image\">\n<figure class=\"aligncenter size-full is-resized\"><img data-recalc-dims=\"1\" loading=\"lazy\" decoding=\"async\" width=\"219\" height=\"91\" src=\"https:\/\/i0.wp.com\/ascendemployment.com\/wp-content\/uploads\/SDECB-logo-2.jpg?resize=219%2C91\" alt=\"\" class=\"wp-image-37716\" style=\"aspect-ratio:1;object-fit:contain;width:128px;height:auto\"\/><\/figure><\/div>\n\n\n<p class=\"has-text-align-center has-medium-font-size\"><em>\u00ab&nbsp;Merci \u00e0 toute l&#8217;\u00e9quipe du programme ASCEND pour ce merveilleux travail. Je recommande vivement ce programme \u00e0 tous les immigrants qui ont envie de comprendre les r\u00e9alit\u00e9s du Canada. En suivant ce programme, chaque immigrant pourra avoir une longueur d&#8217; avance sur son development professionnel. \u00bb<\/em><\/p>\n\n\n\n<p class=\"has-text-align-right\" style=\"font-size:15px\"><em><strong>&#8212; Client SDECB<\/strong><\/em><\/p>\n<\/div>\n\n\n\n<div class=\"wp-block-column is-vertically-aligned-top is-layout-flow wp-block-column-is-layout-flow\" style=\"flex-basis:20px\"><\/div>\n\n\n\n<div class=\"wp-block-column is-vertically-aligned-center has-white-background-color has-background has-medium-font-size is-layout-flow wp-block-column-is-layout-flow\" style=\"flex-basis:50%\"><div class=\"wp-block-image\">\n<figure class=\"aligncenter size-large is-resized\"><img data-recalc-dims=\"1\" loading=\"lazy\" decoding=\"async\" width=\"1024\" height=\"373\" src=\"https:\/\/i0.wp.com\/ascendemployment.com\/wp-content\/uploads\/logo_jpeg_000.jpg?resize=1024%2C373\" alt=\"\" class=\"wp-image-36659\" style=\"aspect-ratio:3.5531914893617023;object-fit:contain;width:237px;height:auto\" srcset=\"https:\/\/i0.wp.com\/ascendemployment.com\/wp-content\/uploads\/logo_jpeg_000.jpg?resize=1024%2C373&amp;ssl=1 1024w, https:\/\/i0.wp.com\/ascendemployment.com\/wp-content\/uploads\/logo_jpeg_000.jpg?resize=600%2C218&amp;ssl=1 600w, https:\/\/i0.wp.com\/ascendemployment.com\/wp-content\/uploads\/logo_jpeg_000.jpg?resize=768%2C280&amp;ssl=1 768w, https:\/\/i0.wp.com\/ascendemployment.com\/wp-content\/uploads\/logo_jpeg_000.jpg?resize=1536%2C559&amp;ssl=1 1536w, https:\/\/i0.wp.com\/ascendemployment.com\/wp-content\/uploads\/logo_jpeg_000.jpg?resize=2048%2C746&amp;ssl=1 2048w\" sizes=\"auto, (max-width: 1024px) 100vw, 1024px\" \/><\/figure><\/div>\n\n\n<p class=\"has-text-align-center has-medium-font-size\" style=\"letter-spacing:0px\"><em>\u00ab&nbsp;Je pense vraiment qu\u2019il vaut la peine de transmettre le programme ASCEND \u00e0 tous ceux qui veulent devenir une personne de valeur au travail en utilisant leurs propres comp\u00e9tences g\u00e9n\u00e9rales. Cela aide beaucoup \u00e0 se motiver et \u00e0 fixer des objectifs, puis \u00e0 les atteindre. Bien s\u00fbr, je recommanderais la r\u00e9ussite de ce programme.&nbsp;\u00bb<\/em><\/p>\n\n\n\n<p class=\"has-text-align-right\" style=\"font-size:15px\"><strong><em>&nbsp;\u2014 Client PDSB<\/em><\/strong><\/p>\n<\/div>\n<\/div>\n\n\n\n<div class=\"wp-block-columns is-layout-flex wp-container-core-columns-is-layout-6 wp-block-columns-is-layout-flex\">\n<div class=\"wp-block-column is-vertically-aligned-top is-layout-flow wp-block-column-is-layout-flow\" style=\"flex-basis:45%\">\n<hr class=\"wp-block-separator has-alpha-channel-opacity\"\/>\n<\/div>\n\n\n\n<div class=\"wp-block-column is-vertically-aligned-top is-layout-flow wp-block-column-is-layout-flow\" style=\"flex-basis:20px\"><\/div>\n\n\n\n<div class=\"wp-block-column is-vertically-aligned-center has-white-background-color has-background has-medium-font-size is-layout-flow wp-block-column-is-layout-flow\" style=\"flex-basis:50%\">\n<hr class=\"wp-block-separator has-alpha-channel-opacity\"\/>\n<\/div>\n<\/div>\n\n\n\n<div class=\"wp-block-columns is-layout-flex wp-container-core-columns-is-layout-7 wp-block-columns-is-layout-flex\">\n<div class=\"wp-block-column is-layout-flow wp-block-column-is-layout-flow\"><div class=\"wp-block-image is-style-default\">\n<figure class=\"aligncenter size-large is-resized\"><img data-recalc-dims=\"1\" loading=\"lazy\" decoding=\"async\" width=\"1024\" height=\"276\" src=\"https:\/\/i0.wp.com\/ascendemployment.com\/wp-content\/uploads\/NU_Vancouver_MonoNU_02_RB.jpg?resize=1024%2C276\" alt=\"\" class=\"wp-image-38986\" style=\"object-fit:contain;width:266px;height:150px\" srcset=\"https:\/\/i0.wp.com\/ascendemployment.com\/wp-content\/uploads\/NU_Vancouver_MonoNU_02_RB.jpg?resize=1024%2C276&amp;ssl=1 1024w, https:\/\/i0.wp.com\/ascendemployment.com\/wp-content\/uploads\/NU_Vancouver_MonoNU_02_RB.jpg?resize=600%2C162&amp;ssl=1 600w, https:\/\/i0.wp.com\/ascendemployment.com\/wp-content\/uploads\/NU_Vancouver_MonoNU_02_RB.jpg?resize=768%2C207&amp;ssl=1 768w, https:\/\/i0.wp.com\/ascendemployment.com\/wp-content\/uploads\/NU_Vancouver_MonoNU_02_RB.jpg?w=1456&amp;ssl=1 1456w\" sizes=\"auto, (max-width: 1024px) 100vw, 1024px\" \/><\/figure><\/div>\n\n\n<p class=\"has-text-align-center has-medium-font-size\"><em>\u00ab&nbsp;Le programme de perfectionnement professionnel avant arriv\u00e9e d\u2019ASCEND est une initiative dynamique con\u00e7ue pour donner aux personnes les comp\u00e9tences et les connaissances n\u00e9cessaires pour r\u00e9ussir leur transition vers le domaine de carri\u00e8re de leur choix \u00e0 leur arriv\u00e9e. En offrant des ressources personnalis\u00e9es, du mentorat et des renseignements sur l\u2019industrie, ASCEND procure aux participants un avantage concurrentiel sur le march\u00e9 du travail d\u2019aujourd\u2019hui. Ce programme permet non seulement de combler le foss\u00e9 entre l\u2019\u00e9ducation et la pratique professionnelle, mais aussi de cultiver une communaut\u00e9 de professionnels avant-gardistes pr\u00eats \u00e0 apporter des contributions percutantes dans leurs industries respectives.&nbsp;\u00bb<\/em><\/p>\n\n\n\n<p class=\"has-text-align-center has-medium-font-size\"><em>\u00ab&nbsp;Je recommande fortement le programme ASCEND aux immigrants qui arrivent au Canada pour la premi\u00e8re fois. Tous les modules \u00e9taient tr\u00e8s \u00e9ducatifs et pratiques.&nbsp;\u00bb<\/em><\/p>\n\n\n\n<p class=\"has-text-align-center has-medium-font-size\"><em>\u00ab&nbsp;Ce programme est tr\u00e8s utile et efficace pour tous les \u00e9tudiants \u00e9trangers au Canada ainsi que pour les non-immigrants. Je recommande vivement ces modules \u00e9ducatifs \u00e0 tous les \u00e9tudiants car cela ne fa\u00e7onne pas seulement votre recherche d\u2019emploi, mais nous place \u00e9galement dans une excellente position pour cette industrie et le pays dans son ensemble. Le programme offre des sc\u00e9narios pratiques et r\u00e9els avec lesquels vous pouvez facilement vous connecter ou acqu\u00e9rir de vraies connaissances situationnelles. Comme je l\u2019ai dit plus t\u00f4t, je sugg\u00e9rerai si ce programme peut \u00eatre rendu obligatoire pour que tous les \u00e9tudiants participent afin de s\u2019enrichir pour le march\u00e9 du travail ici au Canada et pas seulement pour acqu\u00e9rir un certificat pour la Co-op.&nbsp;\u00bb<\/em><\/p>\n\n\n\n<p class=\"has-text-align-right\" style=\"font-size:15px\"><em><strong>\u2014 Etudiants Northeastern University <\/strong><\/em><\/p>\n<\/div>\n<\/div>\n\n\n\n<div class=\"wp-block-columns is-layout-flex wp-container-core-columns-is-layout-8 wp-block-columns-is-layout-flex\">\n<div class=\"wp-block-column is-vertically-aligned-bottom is-layout-flow wp-block-column-is-layout-flow\" style=\"flex-basis:45%\">\n<hr class=\"wp-block-separator has-alpha-channel-opacity\"\/>\n<\/div>\n\n\n\n<div class=\"wp-block-column is-vertically-aligned-bottom is-layout-flow wp-block-column-is-layout-flow\" style=\"flex-basis:20px\"><\/div>\n\n\n\n<div class=\"wp-block-column has-white-background-color has-background has-medium-font-size is-layout-flow wp-block-column-is-layout-flow\" style=\"flex-basis:50%\">\n<hr class=\"wp-block-separator has-alpha-channel-opacity\"\/>\n<\/div>\n<\/div>\n\n\n\n<div class=\"wp-block-columns is-layout-flex wp-container-core-columns-is-layout-9 wp-block-columns-is-layout-flex\">\n<div class=\"wp-block-column is-vertically-aligned-center is-layout-flow wp-block-column-is-layout-flow\" style=\"flex-basis:45%\"><div class=\"wp-block-image\">\n<figure class=\"aligncenter size-full is-resized\"><img data-recalc-dims=\"1\" loading=\"lazy\" decoding=\"async\" width=\"400\" height=\"400\" src=\"https:\/\/i0.wp.com\/ascendemployment.com\/wp-content\/uploads\/PICS-Logo.jpg?resize=400%2C400\" alt=\"\" class=\"wp-image-35802\" style=\"aspect-ratio:3.984848484848485;object-fit:contain;width:367px;height:auto\" srcset=\"https:\/\/i0.wp.com\/ascendemployment.com\/wp-content\/uploads\/PICS-Logo.jpg?w=400&amp;ssl=1 400w, https:\/\/i0.wp.com\/ascendemployment.com\/wp-content\/uploads\/PICS-Logo.jpg?resize=200%2C200&amp;ssl=1 200w\" sizes=\"auto, (max-width: 400px) 100vw, 400px\" \/><\/figure><\/div>\n\n\n<p class=\"has-text-align-center has-medium-font-size\"><em>\u00ab&nbsp;Le programme ASCEND m\u2019a donn\u00e9 l\u2019occasion d\u2019explorer et d\u2019utiliser mes forces dans la recherche d\u2019emploi. C\u2019est un excellent outil pour les professionnels qui sont de nouveaux arrivants au Canada.&nbsp;\u00bb<\/em><\/p>\n\n\n\n<p class=\"has-text-align-right\" style=\"font-size:15px\"><em><strong>&#8212; Client PICS<\/strong><\/em><\/p>\n<\/div>\n\n\n\n<div class=\"wp-block-column is-vertically-aligned-top is-layout-flow wp-block-column-is-layout-flow\" style=\"flex-basis:20px\"><\/div>\n\n\n\n<div class=\"wp-block-column is-vertically-aligned-center has-white-background-color has-background has-medium-font-size is-layout-flow wp-block-column-is-layout-flow\" style=\"flex-basis:50%\"><div class=\"wp-block-image\">\n<figure class=\"aligncenter size-full is-resized\"><img data-recalc-dims=\"1\" loading=\"lazy\" decoding=\"async\" width=\"403\" height=\"284\" src=\"https:\/\/i0.wp.com\/ascendemployment.com\/wp-content\/uploads\/VIRCS-logo_cropped-2023.png?resize=403%2C284\" alt=\"\" class=\"wp-image-36421\" style=\"aspect-ratio:3.5531914893617023;object-fit:contain;width:335px;height:auto\"\/><\/figure><\/div>\n\n\n<p class=\"has-text-align-center has-medium-font-size\" style=\"letter-spacing:0px\"><em>\u00ab&nbsp;ASCEND a d\u00e9pass\u00e9 mes attentes! Les s\u00e9ances instructives, les activit\u00e9s stimulantes et le soutien de la collectivit\u00e9 ont vraiment transform\u00e9 mon parcours d\u2019apprentissage.&nbsp;\u00bb<\/em><\/p>\n\n\n\n<p class=\"has-text-align-right\" style=\"font-size:15px\"><em>&nbsp;\u2014 Client VIRCS<\/em><\/p>\n<\/div>\n<\/div>\n\n\n\n<div class=\"wp-block-columns is-layout-flex wp-container-core-columns-is-layout-10 wp-block-columns-is-layout-flex\">\n<div class=\"wp-block-column is-vertically-aligned-top is-layout-flow wp-block-column-is-layout-flow\" style=\"flex-basis:45%\">\n<hr class=\"wp-block-separator has-alpha-channel-opacity\"\/>\n<\/div>\n\n\n\n<div class=\"wp-block-column is-vertically-aligned-top is-layout-flow wp-block-column-is-layout-flow\" style=\"flex-basis:20px\"><\/div>\n\n\n\n<div class=\"wp-block-column is-vertically-aligned-center has-white-background-color has-background has-medium-font-size is-layout-flow wp-block-column-is-layout-flow\" style=\"flex-basis:50%\">\n<hr class=\"wp-block-separator has-alpha-channel-opacity\"\/>\n\n\n\n<p class=\"has-text-align-right\" style=\"font-size:15px\"><\/p>\n<\/div>\n<\/div>\n\n\n\n<div class=\"wp-block-columns is-layout-flex wp-container-core-columns-is-layout-11 wp-block-columns-is-layout-flex\">\n<div class=\"wp-block-column is-layout-flow wp-block-column-is-layout-flow\"><div class=\"wp-block-image is-style-default\">\n<figure class=\"aligncenter size-large is-resized\"><img data-recalc-dims=\"1\" loading=\"lazy\" decoding=\"async\" width=\"1024\" height=\"869\" src=\"https:\/\/i0.wp.com\/ascendemployment.com\/wp-content\/uploads\/VCC-logo-1.png?resize=1024%2C869\" alt=\"\" class=\"wp-image-35489\" style=\"object-fit:contain;width:266px;height:150px\" srcset=\"https:\/\/i0.wp.com\/ascendemployment.com\/wp-content\/uploads\/VCC-logo-1.png?resize=1024%2C869&amp;ssl=1 1024w, https:\/\/i0.wp.com\/ascendemployment.com\/wp-content\/uploads\/VCC-logo-1.png?resize=600%2C509&amp;ssl=1 600w, https:\/\/i0.wp.com\/ascendemployment.com\/wp-content\/uploads\/VCC-logo-1.png?resize=768%2C652&amp;ssl=1 768w, https:\/\/i0.wp.com\/ascendemployment.com\/wp-content\/uploads\/VCC-logo-1.png?resize=1536%2C1304&amp;ssl=1 1536w, https:\/\/i0.wp.com\/ascendemployment.com\/wp-content\/uploads\/VCC-logo-1.png?w=1610&amp;ssl=1 1610w\" sizes=\"auto, (max-width: 1024px) 100vw, 1024px\" \/><\/figure><\/div>\n\n\n<p class=\"has-text-align-center has-medium-font-size\"><em>\u00ab&nbsp;Ce cours est absolument fantastique! J\u2019aurais aim\u00e9 y \u00eatre introduit il y a des ann\u00e9es. J\u2019ai beaucoup appris. Ce cours m\u2019a aid\u00e9 \u00e0 poser ma candidature \u00e0 un nouveau poste avec confiance et \u00e0 suivre pas \u00e0 pas mes comp\u00e9tences et mes exp\u00e9riences actuelles, ainsi que mes comp\u00e9tences g\u00e9n\u00e9rales en entrevue et, enfin, mon avancement professionnel.<br><\/em><br><em>Je suis extr\u00eamement satisfait de ce cours et je le recommande vivement \u00e0 tous les immigrants de tous les horizons. Peu importe vos ant\u00e9c\u00e9dents, votre \u00e9ducation, votre \u00e2ge et vos croyances. Si vous \u00eates pr\u00eat pour un saut dans votre carri\u00e8re et votre vie, inscrivez-vous \u00e0 ce cours et apprenez de mani\u00e8re proactive. Je consid\u00e8re le cours ASCEND comme un investissement dans ma vie.<br><\/em><br><em>MERCI L&#8217;\u00c9QUIPE ASCEND. Vous \u00eates incroyable!&nbsp;\u00bb<\/em><\/p>\n\n\n\n<p class=\"has-text-align-center has-medium-font-size\"><em>\u00ab&nbsp;Le programme est un excellent cours qui permet aux nouveaux arrivants de comprendre comment chercher un emploi au Canada, ce que les employeurs attendent de vous, comment \u00e9tablir des relations de travail et comment r\u00e9ussir dans votre carri\u00e8re. Et la chose la plus importante que vous obtenez est la confiance en soi et la motivation pour les r\u00e9alisations futures.&nbsp;\u00bb<\/em><\/p>\n\n\n\n<p class=\"has-text-align-right\" style=\"font-size:15px\"><strong>\u2014 <em>Clients VCC <\/em><\/strong><\/p>\n<\/div>\n<\/div>\n\n\n\n<div class=\"wp-block-columns is-layout-flex wp-container-core-columns-is-layout-12 wp-block-columns-is-layout-flex\">\n<div class=\"wp-block-column is-vertically-aligned-bottom is-layout-flow wp-block-column-is-layout-flow\" style=\"flex-basis:45%\">\n<hr class=\"wp-block-separator has-alpha-channel-opacity\"\/>\n<\/div>\n\n\n\n<div class=\"wp-block-column is-vertically-aligned-bottom is-layout-flow wp-block-column-is-layout-flow\" style=\"flex-basis:20px\"><\/div>\n\n\n\n<div class=\"wp-block-column has-white-background-color has-background has-medium-font-size is-layout-flow wp-block-column-is-layout-flow\" style=\"flex-basis:50%\">\n<hr class=\"wp-block-separator has-alpha-channel-opacity\"\/>\n<\/div>\n<\/div>\n\n\n\n<div class=\"wp-block-columns are-vertically-aligned-center is-layout-flex wp-container-core-columns-is-layout-13 wp-block-columns-is-layout-flex\">\n<div class=\"wp-block-column is-vertically-aligned-center is-layout-flow wp-block-column-is-layout-flow\" style=\"flex-basis:45%\"><div class=\"wp-block-image\">\n<figure class=\"aligncenter size-full is-resized\"><img data-recalc-dims=\"1\" loading=\"lazy\" decoding=\"async\" width=\"1000\" height=\"500\" src=\"https:\/\/i0.wp.com\/ascendemployment.com\/wp-content\/uploads\/WEST-logo.jpg?resize=1000%2C500\" alt=\"\" class=\"wp-image-35510\" style=\"aspect-ratio:1.7777777777777777;object-fit:contain;width:263px;height:auto\" srcset=\"https:\/\/i0.wp.com\/ascendemployment.com\/wp-content\/uploads\/WEST-logo.jpg?w=1000&amp;ssl=1 1000w, https:\/\/i0.wp.com\/ascendemployment.com\/wp-content\/uploads\/WEST-logo.jpg?resize=600%2C300&amp;ssl=1 600w, https:\/\/i0.wp.com\/ascendemployment.com\/wp-content\/uploads\/WEST-logo.jpg?resize=768%2C384&amp;ssl=1 768w\" sizes=\"auto, (max-width: 1000px) 100vw, 1000px\" \/><\/figure><\/div>\n\n\n<p class=\"has-text-align-center has-medium-font-size\"><em><em>\u00ab&nbsp;<\/em>J\u2019adore le programme, il m\u2019a motiv\u00e9 \u00e0 utiliser mes comp\u00e9tences g\u00e9n\u00e9rales personnelles et \u00e0 me rappeler que la collaboration et l\u2019adaptation aux diff\u00e9rents sc\u00e9narios sur le lieu de travail est tr\u00e8s important pour atteindre votre objectif de carri\u00e8re.<em> \u00bb<\/em><\/em><\/p>\n\n\n\n<p class=\"has-text-align-right\" style=\"font-size:15px\"><em><strong>&#8212; Client WEST-EWE<\/strong><\/em><\/p>\n<\/div>\n\n\n\n<div class=\"wp-block-column is-vertically-aligned-center is-layout-flow wp-block-column-is-layout-flow\" style=\"flex-basis:20px\"><\/div>\n\n\n\n<div class=\"wp-block-column is-vertically-aligned-center has-white-background-color has-background has-medium-font-size is-layout-flow wp-block-column-is-layout-flow\" style=\"flex-basis:50%\"><div class=\"wp-block-image\">\n<figure class=\"aligncenter size-full is-resized\"><img data-recalc-dims=\"1\" loading=\"lazy\" decoding=\"async\" width=\"519\" height=\"302\" src=\"https:\/\/i0.wp.com\/ascendemployment.com\/wp-content\/uploads\/WWCC-logo-2011-no-tagline-JPEG.jpg?resize=519%2C302\" alt=\"\" class=\"wp-image-37380\" style=\"aspect-ratio:3.5531914893617023;object-fit:contain;width:335px;height:auto\"\/><\/figure><\/div>\n\n\n<p class=\"has-text-align-center has-medium-font-size\" style=\"letter-spacing:0px\"><em>\u00ab&nbsp;Le programme ASCEND \u00e9tait tout \u00e0 fait parfait. Il m\u2019a aid\u00e9 \u00e0 reprendre mon curriculum vitae et \u00e0 mieux comprendre le milieu de travail canadien.&nbsp;\u00bb<\/em><\/p>\n\n\n\n<p class=\"has-text-align-right\" style=\"font-size:15px\"><em><strong>&nbsp;\u2014 Client WWCC<\/strong><\/em><\/p>\n<\/div>\n<\/div>\n\n\n\n<div class=\"wp-block-columns is-layout-flex wp-container-core-columns-is-layout-14 wp-block-columns-is-layout-flex\">\n<div class=\"wp-block-column is-vertically-aligned-top is-layout-flow wp-block-column-is-layout-flow\" style=\"flex-basis:45%\">\n<hr class=\"wp-block-separator has-alpha-channel-opacity\"\/>\n<\/div>\n\n\n\n<div class=\"wp-block-column is-vertically-aligned-top is-layout-flow wp-block-column-is-layout-flow\" style=\"flex-basis:20px\"><\/div>\n\n\n\n<div class=\"wp-block-column is-vertically-aligned-center has-white-background-color has-background has-medium-font-size is-layout-flow wp-block-column-is-layout-flow\" style=\"flex-basis:50%\">\n<hr class=\"wp-block-separator has-alpha-channel-opacity\"\/>\n\n\n\n<p class=\"has-text-align-right\" style=\"font-size:15px\"><\/p>\n<\/div>\n<\/div>\n\n\n\n<div class=\"wp-block-columns is-layout-flex wp-container-core-columns-is-layout-15 wp-block-columns-is-layout-flex\">\n<div class=\"wp-block-column is-layout-flow wp-block-column-is-layout-flow\"><div class=\"wp-block-image is-style-default\">\n<figure class=\"aligncenter size-full is-resized\"><img data-recalc-dims=\"1\" loading=\"lazy\" decoding=\"async\" width=\"570\" height=\"135\" src=\"https:\/\/i0.wp.com\/ascendemployment.com\/wp-content\/uploads\/RIWC-logo.png?resize=570%2C135\" alt=\"\" class=\"wp-image-35495\" style=\"object-fit:contain;width:266px;height:150px\"\/><\/figure><\/div>\n\n\n<p class=\"has-text-align-center has-medium-font-size\"><em>\u00ab&nbsp;En tant qu\u2019immigrant au Canada, j\u2019ai acquis de nombreuses certifications pour am\u00e9liorer mon employabilit\u00e9. Cependant, le programme Ascend se distingue comme une occasion unique qui \u00e9l\u00e8ve notre exp\u00e9rience d\u2019apprentissage \u00e0 un tout autre niveau. Il fournit un aper\u00e7u complet des subtilit\u00e9s du travail dans un environnement de bureau au Canada et nous permet d\u2019acqu\u00e9rir une compr\u00e9hension approfondie de la culture et des processus de travail canadiens.&nbsp;\u00bb<br><br>\u00ab&nbsp;J\u2019ai appr\u00e9ci\u00e9 chaque partie du programme ASCEND. Il est bien d\u00e9taill\u00e9, instructif et pertinent. Cela va certainement m\u2019aider, en tant que nouvel immigrant, \u00e0 bien me fondre dans le syst\u00e8me canadien. Je recommande vivement ce programme \u00e0 tous ceux qui d\u00e9sirent progresser dans leur carri\u00e8re.&nbsp;\u00bb<br><\/em><\/p>\n\n\n\n<p class=\"has-text-align-right\" style=\"font-size:15px\"><strong><em>\u2014 Clients RIWC <\/em><\/strong><\/p>\n<\/div>\n<\/div>\n<\/div><\/div>\n\n\n\n<p><a id=\"_msocom_1\"><\/a><\/p>\n\n\n\n<button onclick=\"topFunction()\" id=\"myBtn\" title=\"Haut de page\"><img data-recalc-dims=\"1\" decoding=\"async\" src=\"https:\/\/i0.wp.com\/ascendemployment.com\/wp-content\/uploads\/icons8-left-50.png?w=1200\" alt=\"Bouton de retour en haut de page\"\/><\/button>\n<script>\n\/\/ Get the button\nlet mybutton = document.getElementById(\"myBtn\");\n\n\/\/ When the user scrolls down 20px from the top of the document, show the button\nwindow.onscroll = function() {scrollFunction()};\n\nfunction scrollFunction() {\n  if (document.body.scrollTop > 20 || document.documentElement.scrollTop > 20) {\n    mybutton.style.display = \"block\";\n  } else {\n    mybutton.style.display = \"none\";\n  }\n}\n\n\/\/ When the user clicks on the button, scroll to the top of the document\nfunction topFunction() {\n  document.body.scrollTop = 0;\n  document.documentElement.scrollTop = 0;\n}\n<\/script>\n","protected":false},"excerpt":{"rendered":"<p>Nous esp\u00e9rons que vous avez tous pu passer du temps avec vos amis et votre famille pendant les f\u00eates, et nous vous souhaitons \u00e0 tous une joyeuse saison d&#8217;appel \u00e0 projets. \ud83d\ude0a La derni\u00e8re cohorte du deuxi\u00e8me trimestre d\u2019ASCEND s\u2019est termin\u00e9e \u00e0 la fin du mois de d\u00e9cembre et, partout au Canada, vos clients ont&hellip;<\/p>\n","protected":false},"author":80,"featured_media":39027,"comment_status":"closed","ping_status":"closed","sticky":false,"template":"","format":"standard","meta":{"_acf_changed":false,"wds_primary_category":66,"footnotes":""},"categories":[66,55],"tags":[],"class_list":["post-39028","post","type-post","status-publish","format-standard","has-post-thumbnail","hentry","category-actualites-fr","category-bulletins"],"acf":[],"jetpack_featured_media_url":"https:\/\/i0.wp.com\/ascendemployment.com\/wp-content\/uploads\/Copy-of-THE-ASCEND-Mobile-app-1.png?fit=1920%2C1080&ssl=1","_links":{"self":[{"href":"https:\/\/ascendemployment.com\/fr\/wp-json\/wp\/v2\/posts\/39028","targetHints":{"allow":["GET"]}}],"collection":[{"href":"https:\/\/ascendemployment.com\/fr\/wp-json\/wp\/v2\/posts"}],"about":[{"href":"https:\/\/ascendemployment.com\/fr\/wp-json\/wp\/v2\/types\/post"}],"author":[{"embeddable":true,"href":"https:\/\/ascendemployment.com\/fr\/wp-json\/wp\/v2\/users\/80"}],"replies":[{"embeddable":true,"href":"https:\/\/ascendemployment.com\/fr\/wp-json\/wp\/v2\/comments?post=39028"}],"version-history":[{"count":15,"href":"https:\/\/ascendemployment.com\/fr\/wp-json\/wp\/v2\/posts\/39028\/revisions"}],"predecessor-version":[{"id":39071,"href":"https:\/\/ascendemployment.com\/fr\/wp-json\/wp\/v2\/posts\/39028\/revisions\/39071"}],"wp:featuredmedia":[{"embeddable":true,"href":"https:\/\/ascendemployment.com\/fr\/wp-json\/wp\/v2\/media\/39027"}],"wp:attachment":[{"href":"https:\/\/ascendemployment.com\/fr\/wp-json\/wp\/v2\/media?parent=39028"}],"wp:term":[{"taxonomy":"category","embeddable":true,"href":"https:\/\/ascendemployment.com\/fr\/wp-json\/wp\/v2\/categories?post=39028"},{"taxonomy":"post_tag","embeddable":true,"href":"https:\/\/ascendemployment.com\/fr\/wp-json\/wp\/v2\/tags?post=39028"}],"curies":[{"name":"wp","href":"https:\/\/api.w.org\/{rel}","templated":true}]}}